{"id":13754,"date":"2026-08-31T14:39:51","date_gmt":"2026-08-31T19:39:51","guid":{"rendered":"https:\/\/yemailarquitectura.co\/?p=13754"},"modified":"2026-08-31T14:39:53","modified_gmt":"2026-08-31T19:39:53","slug":"museo-subterraneo-monumental-180-metros-nominado-para-premio-oscar-niemeyer-para-la-arquitectura-latinoamericana-sexta-edicion-2026-yemail-arquitectura","status":"publish","type":"post","link":"https:\/\/yemailarquitectura.co\/en\/museo-subterraneo-monumental-180-metros-nominado-para-premio-oscar-niemeyer-para-la-arquitectura-latinoamericana-sexta-edicion-2026-yemail-arquitectura\/","title":{"rendered":"Museo Subterr\u00e1neo Monumental 180 metros nominado para Premio Oscar Niemeyer para la arquitectura latinoamericana Sexta edici\u00f3n 2026 \/ Yemail Arquitectura"},"content":{"rendered":"<p class=\"wp-block-paragraph\">Nos llena de orgullo compartir que el proyecto Museo Subterr\u00e1neo Monumental 180 metros ha sido nominado entre 88\u00a0proyectos\u00a0ubicados en 11 pa\u00edses de Am\u00e9rica Latina para el Premio Oscar Niemeyer para la arquitectura latinoamericana Sexta edici\u00f3n 2026.<\/p>","protected":false},"excerpt":{"rendered":"<p>Nos llena de orgullo compartir que el proyecto Museo Subterr\u00e1neo Monumental 180 metros ha sido nominado entre 88\u00a0proyectos\u00a0ubicados en 11 pa\u00edses de Am\u00e9rica Latina para el Premio Oscar Niemeyer para la arquitectura latinoamericana Sexta edici\u00f3n 2026.<\/p>","protected":false},"author":1,"featured_media":13756,"comment_status":"closed","ping_status":"open","sticky":false,"template":"","format":"standard","meta":{"_acf_changed":false,"footnotes":""},"categories":[197],"tags":[],"class_list":["post-13754","post","type-post","status-publish","format-standard","has-post-thumbnail","hentry","category-actualidad","clearfix","overlay-wrapper"],"acf":[],"yoast_head":"<!-- This site is optimized with the Yoast SEO plugin v27.7 - https:\/\/yoast.com\/product\/yoast-seo-wordpress\/ -->\n<title>Museo Subterr\u00e1neo Monumental 180 metros nominado para Premio Oscar Niemeyer para la arquitectura latinoamericana Sexta edici\u00f3n 2026 \/ Yemail Arquitectura - Yemail Arquitectura<\/title>\n<meta name=\"robots\" content=\"index, follow, max-snippet:-1, max-image-preview:large, max-video-preview:-1\" \/>\n<link rel=\"canonical\" href=\"https:\/\/yemailarquitectura.co\/en\/museo-subterraneo-monumental-180-metros-nominado-para-premio-oscar-niemeyer-para-la-arquitectura-latinoamericana-sexta-edicion-2026-yemail-arquitectura\/\" \/>\n<meta property=\"og:locale\" content=\"en_US\" \/>\n<meta property=\"og:type\" content=\"article\" \/>\n<meta property=\"og:title\" content=\"Museo Subterr\u00e1neo Monumental 180 metros nominado para Premio Oscar Niemeyer para la arquitectura latinoamericana Sexta edici\u00f3n 2026 \/ Yemail Arquitectura - Yemail Arquitectura\" \/>\n<meta property=\"og:description\" content=\"Nos llena de orgullo compartir que el proyecto Museo Subterr\u00e1neo Monumental 180 metros ha sido nominado entre 88\u00a0proyectos\u00a0ubicados en 11 pa\u00edses de Am\u00e9rica Latina para el Premio Oscar Niemeyer para la arquitectura latinoamericana Sexta edici\u00f3n 2026.\" \/>\n<meta property=\"og:url\" content=\"https:\/\/yemailarquitectura.co\/en\/museo-subterraneo-monumental-180-metros-nominado-para-premio-oscar-niemeyer-para-la-arquitectura-latinoamericana-sexta-edicion-2026-yemail-arquitectura\/\" \/>\n<meta property=\"og:site_name\" content=\"Yemail Arquitectura\" \/>\n<meta property=\"article:publisher\" content=\"https:\/\/www.facebook.com\/yemailarquitectura\/\" \/>\n<meta property=\"article:published_time\" content=\"2026-08-31T19:39:51+00:00\" \/>\n<meta property=\"article:modified_time\" content=\"2026-08-31T19:39:53+00:00\" \/>\n<meta property=\"og:image\" content=\"https:\/\/yemailarquitectura.co\/wp-content\/uploads\/2026\/08\/COVER-WEB-OSCAR.jpg\" \/>\n\t<meta property=\"og:image:width\" content=\"1500\" \/>\n\t<meta property=\"og:image:height\" content=\"1500\" \/>\n\t<meta property=\"og:image:type\" content=\"image\/jpeg\" \/>\n<meta name=\"author\" content=\"Yemail Arquitectura\" \/>\n<meta name=\"twitter:card\" content=\"summary_large_image\" \/>\n<meta name=\"twitter:label1\" content=\"Written by\" \/>\n\t<meta name=\"twitter:data1\" content=\"Yemail Arquitectura\" \/>\n\t<meta name=\"twitter:label2\" content=\"Est. reading time\" \/>\n\t<meta name=\"twitter:data2\" content=\"1 minute\" \/>\n<script type=\"application\/ld+json\" class=\"yoast-schema-graph\">{\"@context\":\"https:\\\/\\\/schema.org\",\"@graph\":[{\"@type\":\"Article\",\"@id\":\"https:\\\/\\\/yemailarquitectura.co\\\/museo-subterraneo-monumental-180-metros-nominado-para-premio-oscar-niemeyer-para-la-arquitectura-latinoamericana-sexta-edicion-2026-yemail-arquitectura\\\/#article\",\"isPartOf\":{\"@id\":\"https:\\\/\\\/yemailarquitectura.co\\\/museo-subterraneo-monumental-180-metros-nominado-para-premio-oscar-niemeyer-para-la-arquitectura-latinoamericana-sexta-edicion-2026-yemail-arquitectura\\\/\"},\"author\":{\"name\":\"Yemail Arquitectura\",\"@id\":\"https:\\\/\\\/yemailarquitectura.co\\\/#\\\/schema\\\/person\\\/baea119415f9c988fb2217e4fd17ec75\"},\"headline\":\"Museo Subterr\u00e1neo Monumental 180 metros nominado para Premio Oscar Niemeyer para la arquitectura latinoamericana Sexta edici\u00f3n 2026 \\\/ Yemail Arquitectura\",\"datePublished\":\"2026-08-31T19:39:51+00:00\",\"dateModified\":\"2026-08-31T19:39:53+00:00\",\"mainEntityOfPage\":{\"@id\":\"https:\\\/\\\/yemailarquitectura.co\\\/museo-subterraneo-monumental-180-metros-nominado-para-premio-oscar-niemeyer-para-la-arquitectura-latinoamericana-sexta-edicion-2026-yemail-arquitectura\\\/\"},\"wordCount\":57,\"publisher\":{\"@id\":\"https:\\\/\\\/yemailarquitectura.co\\\/#organization\"},\"image\":{\"@id\":\"https:\\\/\\\/yemailarquitectura.co\\\/museo-subterraneo-monumental-180-metros-nominado-para-premio-oscar-niemeyer-para-la-arquitectura-latinoamericana-sexta-edicion-2026-yemail-arquitectura\\\/#primaryimage\"},\"thumbnailUrl\":\"https:\\\/\\\/yemailarquitectura.co\\\/wp-content\\\/uploads\\\/2026\\\/08\\\/COVER-WEB-OSCAR.jpg\",\"articleSection\":[\"Actualidad\"],\"inLanguage\":\"en-US\"},{\"@type\":[\"WebPage\",\"ItemPage\"],\"@id\":\"https:\\\/\\\/yemailarquitectura.co\\\/museo-subterraneo-monumental-180-metros-nominado-para-premio-oscar-niemeyer-para-la-arquitectura-latinoamericana-sexta-edicion-2026-yemail-arquitectura\\\/\",\"url\":\"https:\\\/\\\/yemailarquitectura.co\\\/museo-subterraneo-monumental-180-metros-nominado-para-premio-oscar-niemeyer-para-la-arquitectura-latinoamericana-sexta-edicion-2026-yemail-arquitectura\\\/\",\"name\":\"Museo Subterr\u00e1neo Monumental 180 metros nominado para Premio Oscar Niemeyer para la arquitectura latinoamericana Sexta edici\u00f3n 2026 \\\/ Yemail Arquitectura - Yemail Arquitectura\",\"isPartOf\":{\"@id\":\"https:\\\/\\\/yemailarquitectura.co\\\/#website\"},\"primaryImageOfPage\":{\"@id\":\"https:\\\/\\\/yemailarquitectura.co\\\/museo-subterraneo-monumental-180-metros-nominado-para-premio-oscar-niemeyer-para-la-arquitectura-latinoamericana-sexta-edicion-2026-yemail-arquitectura\\\/#primaryimage\"},\"image\":{\"@id\":\"https:\\\/\\\/yemailarquitectura.co\\\/museo-subterraneo-monumental-180-metros-nominado-para-premio-oscar-niemeyer-para-la-arquitectura-latinoamericana-sexta-edicion-2026-yemail-arquitectura\\\/#primaryimage\"},\"thumbnailUrl\":\"https:\\\/\\\/yemailarquitectura.co\\\/wp-content\\\/uploads\\\/2026\\\/08\\\/COVER-WEB-OSCAR.jpg\",\"datePublished\":\"2026-08-31T19:39:51+00:00\",\"dateModified\":\"2026-08-31T19:39:53+00:00\",\"breadcrumb\":{\"@id\":\"https:\\\/\\\/yemailarquitectura.co\\\/museo-subterraneo-monumental-180-metros-nominado-para-premio-oscar-niemeyer-para-la-arquitectura-latinoamericana-sexta-edicion-2026-yemail-arquitectura\\\/#breadcrumb\"},\"inLanguage\":\"en-US\",\"potentialAction\":[{\"@type\":\"ReadAction\",\"target\":[\"https:\\\/\\\/yemailarquitectura.co\\\/museo-subterraneo-monumental-180-metros-nominado-para-premio-oscar-niemeyer-para-la-arquitectura-latinoamericana-sexta-edicion-2026-yemail-arquitectura\\\/\"]}]},{\"@type\":\"ImageObject\",\"inLanguage\":\"en-US\",\"@id\":\"https:\\\/\\\/yemailarquitectura.co\\\/museo-subterraneo-monumental-180-metros-nominado-para-premio-oscar-niemeyer-para-la-arquitectura-latinoamericana-sexta-edicion-2026-yemail-arquitectura\\\/#primaryimage\",\"url\":\"https:\\\/\\\/yemailarquitectura.co\\\/wp-content\\\/uploads\\\/2026\\\/08\\\/COVER-WEB-OSCAR.jpg\",\"contentUrl\":\"https:\\\/\\\/yemailarquitectura.co\\\/wp-content\\\/uploads\\\/2026\\\/08\\\/COVER-WEB-OSCAR.jpg\",\"width\":1500,\"height\":1500},{\"@type\":\"BreadcrumbList\",\"@id\":\"https:\\\/\\\/yemailarquitectura.co\\\/museo-subterraneo-monumental-180-metros-nominado-para-premio-oscar-niemeyer-para-la-arquitectura-latinoamericana-sexta-edicion-2026-yemail-arquitectura\\\/#breadcrumb\",\"itemListElement\":[{\"@type\":\"ListItem\",\"position\":1,\"name\":\"Portada\",\"item\":\"https:\\\/\\\/yemailarquitectura.co\\\/\"},{\"@type\":\"ListItem\",\"position\":2,\"name\":\"Museo Subterr\u00e1neo Monumental 180 metros nominado para Premio Oscar Niemeyer para la arquitectura latinoamericana Sexta edici\u00f3n 2026 \\\/ Yemail Arquitectura\"}]},{\"@type\":\"WebSite\",\"@id\":\"https:\\\/\\\/yemailarquitectura.co\\\/#website\",\"url\":\"https:\\\/\\\/yemailarquitectura.co\\\/\",\"name\":\"Yemail Arquitectura\",\"description\":\"Oficina de arquitectura y dise\u00f1o\",\"publisher\":{\"@id\":\"https:\\\/\\\/yemailarquitectura.co\\\/#organization\"},\"alternateName\":\"Yemail\",\"potentialAction\":[{\"@type\":\"SearchAction\",\"target\":{\"@type\":\"EntryPoint\",\"urlTemplate\":\"https:\\\/\\\/yemailarquitectura.co\\\/?s={search_term_string}\"},\"query-input\":{\"@type\":\"PropertyValueSpecification\",\"valueRequired\":true,\"valueName\":\"search_term_string\"}}],\"inLanguage\":\"en-US\"},{\"@type\":\"Organization\",\"@id\":\"https:\\\/\\\/yemailarquitectura.co\\\/#organization\",\"name\":\"Yemail Arquitectura\",\"alternateName\":\"Yemail\",\"url\":\"https:\\\/\\\/yemailarquitectura.co\\\/\",\"logo\":{\"@type\":\"ImageObject\",\"inLanguage\":\"en-US\",\"@id\":\"https:\\\/\\\/yemailarquitectura.co\\\/#\\\/schema\\\/logo\\\/image\\\/\",\"url\":\"https:\\\/\\\/yemailarquitectura.co\\\/wp-content\\\/uploads\\\/2022\\\/02\\\/LOGO_2018-02.png\",\"contentUrl\":\"https:\\\/\\\/yemailarquitectura.co\\\/wp-content\\\/uploads\\\/2022\\\/02\\\/LOGO_2018-02.png\",\"width\":816,\"height\":349,\"caption\":\"Yemail Arquitectura\"},\"image\":{\"@id\":\"https:\\\/\\\/yemailarquitectura.co\\\/#\\\/schema\\\/logo\\\/image\\\/\"},\"sameAs\":[\"https:\\\/\\\/www.facebook.com\\\/yemailarquitectura\\\/\",\"https:\\\/\\\/www.instagram.com\\\/yemailarquitectura\\\/\"]},{\"@type\":\"Person\",\"@id\":\"https:\\\/\\\/yemailarquitectura.co\\\/#\\\/schema\\\/person\\\/baea119415f9c988fb2217e4fd17ec75\",\"name\":\"Yemail Arquitectura\"}]}<\/script>\n<!-- \/ Yoast SEO plugin. -->","yoast_head_json":{"title":"Museo Subterr\u00e1neo Monumental 180 metros nominado para Premio Oscar Niemeyer para la arquitectura latinoamericana Sexta edici\u00f3n 2026 \/ Yemail Arquitectura - Yemail Arquitectura","robots":{"index":"index","follow":"follow","max-snippet":"max-snippet:-1","max-image-preview":"max-image-preview:large","max-video-preview":"max-video-preview:-1"},"canonical":"https:\/\/yemailarquitectura.co\/en\/museo-subterraneo-monumental-180-metros-nominado-para-premio-oscar-niemeyer-para-la-arquitectura-latinoamericana-sexta-edicion-2026-yemail-arquitectura\/","og_locale":"en_US","og_type":"article","og_title":"Museo Subterr\u00e1neo Monumental 180 metros nominado para Premio Oscar Niemeyer para la arquitectura latinoamericana Sexta edici\u00f3n 2026 \/ Yemail Arquitectura - Yemail Arquitectura","og_description":"Nos llena de orgullo compartir que el proyecto Museo Subterr\u00e1neo Monumental 180 metros ha sido nominado entre 88\u00a0proyectos\u00a0ubicados en 11 pa\u00edses de Am\u00e9rica Latina para el Premio Oscar Niemeyer para la arquitectura latinoamericana Sexta edici\u00f3n 2026.","og_url":"https:\/\/yemailarquitectura.co\/en\/museo-subterraneo-monumental-180-metros-nominado-para-premio-oscar-niemeyer-para-la-arquitectura-latinoamericana-sexta-edicion-2026-yemail-arquitectura\/","og_site_name":"Yemail Arquitectura","article_publisher":"https:\/\/www.facebook.com\/yemailarquitectura\/","article_published_time":"2026-08-31T19:39:51+00:00","article_modified_time":"2026-08-31T19:39:53+00:00","og_image":[{"width":1500,"height":1500,"url":"https:\/\/yemailarquitectura.co\/wp-content\/uploads\/2026\/08\/COVER-WEB-OSCAR.jpg","type":"image\/jpeg"}],"author":"Yemail Arquitectura","twitter_card":"summary_large_image","twitter_misc":{"Written by":"Yemail Arquitectura","Est. reading time":"1 minute"},"schema":{"@context":"https:\/\/schema.org","@graph":[{"@type":"Article","@id":"https:\/\/yemailarquitectura.co\/museo-subterraneo-monumental-180-metros-nominado-para-premio-oscar-niemeyer-para-la-arquitectura-latinoamericana-sexta-edicion-2026-yemail-arquitectura\/#article","isPartOf":{"@id":"https:\/\/yemailarquitectura.co\/museo-subterraneo-monumental-180-metros-nominado-para-premio-oscar-niemeyer-para-la-arquitectura-latinoamericana-sexta-edicion-2026-yemail-arquitectura\/"},"author":{"name":"Yemail Arquitectura","@id":"https:\/\/yemailarquitectura.co\/#\/schema\/person\/baea119415f9c988fb2217e4fd17ec75"},"headline":"Museo Subterr\u00e1neo Monumental 180 metros nominado para Premio Oscar Niemeyer para la arquitectura latinoamericana Sexta edici\u00f3n 2026 \/ Yemail Arquitectura","datePublished":"2026-08-31T19:39:51+00:00","dateModified":"2026-08-31T19:39:53+00:00","mainEntityOfPage":{"@id":"https:\/\/yemailarquitectura.co\/museo-subterraneo-monumental-180-metros-nominado-para-premio-oscar-niemeyer-para-la-arquitectura-latinoamericana-sexta-edicion-2026-yemail-arquitectura\/"},"wordCount":57,"publisher":{"@id":"https:\/\/yemailarquitectura.co\/#organization"},"image":{"@id":"https:\/\/yemailarquitectura.co\/museo-subterraneo-monumental-180-metros-nominado-para-premio-oscar-niemeyer-para-la-arquitectura-latinoamericana-sexta-edicion-2026-yemail-arquitectura\/#primaryimage"},"thumbnailUrl":"https:\/\/yemailarquitectura.co\/wp-content\/uploads\/2026\/08\/COVER-WEB-OSCAR.jpg","articleSection":["Actualidad"],"inLanguage":"en-US"},{"@type":["WebPage","ItemPage"],"@id":"https:\/\/yemailarquitectura.co\/museo-subterraneo-monumental-180-metros-nominado-para-premio-oscar-niemeyer-para-la-arquitectura-latinoamericana-sexta-edicion-2026-yemail-arquitectura\/","url":"https:\/\/yemailarquitectura.co\/museo-subterraneo-monumental-180-metros-nominado-para-premio-oscar-niemeyer-para-la-arquitectura-latinoamericana-sexta-edicion-2026-yemail-arquitectura\/","name":"Museo Subterr\u00e1neo Monumental 180 metros nominado para Premio Oscar Niemeyer para la arquitectura latinoamericana Sexta edici\u00f3n 2026 \/ Yemail Arquitectura - Yemail Arquitectura","isPartOf":{"@id":"https:\/\/yemailarquitectura.co\/#website"},"primaryImageOfPage":{"@id":"https:\/\/yemailarquitectura.co\/museo-subterraneo-monumental-180-metros-nominado-para-premio-oscar-niemeyer-para-la-arquitectura-latinoamericana-sexta-edicion-2026-yemail-arquitectura\/#primaryimage"},"image":{"@id":"https:\/\/yemailarquitectura.co\/museo-subterraneo-monumental-180-metros-nominado-para-premio-oscar-niemeyer-para-la-arquitectura-latinoamericana-sexta-edicion-2026-yemail-arquitectura\/#primaryimage"},"thumbnailUrl":"https:\/\/yemailarquitectura.co\/wp-content\/uploads\/2026\/08\/COVER-WEB-OSCAR.jpg","datePublished":"2026-08-31T19:39:51+00:00","dateModified":"2026-08-31T19:39:53+00:00","breadcrumb":{"@id":"https:\/\/yemailarquitectura.co\/museo-subterraneo-monumental-180-metros-nominado-para-premio-oscar-niemeyer-para-la-arquitectura-latinoamericana-sexta-edicion-2026-yemail-arquitectura\/#breadcrumb"},"inLanguage":"en-US","potentialAction":[{"@type":"ReadAction","target":["https:\/\/yemailarquitectura.co\/museo-subterraneo-monumental-180-metros-nominado-para-premio-oscar-niemeyer-para-la-arquitectura-latinoamericana-sexta-edicion-2026-yemail-arquitectura\/"]}]},{"@type":"ImageObject","inLanguage":"en-US","@id":"https:\/\/yemailarquitectura.co\/museo-subterraneo-monumental-180-metros-nominado-para-premio-oscar-niemeyer-para-la-arquitectura-latinoamericana-sexta-edicion-2026-yemail-arquitectura\/#primaryimage","url":"https:\/\/yemailarquitectura.co\/wp-content\/uploads\/2026\/08\/COVER-WEB-OSCAR.jpg","contentUrl":"https:\/\/yemailarquitectura.co\/wp-content\/uploads\/2026\/08\/COVER-WEB-OSCAR.jpg","width":1500,"height":1500},{"@type":"BreadcrumbList","@id":"https:\/\/yemailarquitectura.co\/museo-subterraneo-monumental-180-metros-nominado-para-premio-oscar-niemeyer-para-la-arquitectura-latinoamericana-sexta-edicion-2026-yemail-arquitectura\/#breadcrumb","itemListElement":[{"@type":"ListItem","position":1,"name":"Portada","item":"https:\/\/yemailarquitectura.co\/"},{"@type":"ListItem","position":2,"name":"Museo Subterr\u00e1neo Monumental 180 metros nominado para Premio Oscar Niemeyer para la arquitectura latinoamericana Sexta edici\u00f3n 2026 \/ Yemail Arquitectura"}]},{"@type":"WebSite","@id":"https:\/\/yemailarquitectura.co\/#website","url":"https:\/\/yemailarquitectura.co\/","name":"Yemail Architecture","description":"Oficina de arquitectura y dise\u00f1o","publisher":{"@id":"https:\/\/yemailarquitectura.co\/#organization"},"alternateName":"Yemail","potentialAction":[{"@type":"SearchAction","target":{"@type":"EntryPoint","urlTemplate":"https:\/\/yemailarquitectura.co\/?s={search_term_string}"},"query-input":{"@type":"PropertyValueSpecification","valueRequired":true,"valueName":"search_term_string"}}],"inLanguage":"en-US"},{"@type":"Organization","@id":"https:\/\/yemailarquitectura.co\/#organization","name":"Yemail Architecture","alternateName":"Yemail","url":"https:\/\/yemailarquitectura.co\/","logo":{"@type":"ImageObject","inLanguage":"en-US","@id":"https:\/\/yemailarquitectura.co\/#\/schema\/logo\/image\/","url":"https:\/\/yemailarquitectura.co\/wp-content\/uploads\/2022\/02\/LOGO_2018-02.png","contentUrl":"https:\/\/yemailarquitectura.co\/wp-content\/uploads\/2022\/02\/LOGO_2018-02.png","width":816,"height":349,"caption":"Yemail Arquitectura"},"image":{"@id":"https:\/\/yemailarquitectura.co\/#\/schema\/logo\/image\/"},"sameAs":["https:\/\/www.facebook.com\/yemailarquitectura\/","https:\/\/www.instagram.com\/yemailarquitectura\/"]},{"@type":"Person","@id":"https:\/\/yemailarquitectura.co\/#\/schema\/person\/baea119415f9c988fb2217e4fd17ec75","name":"Yemail Architecture"}]}},"_links":{"self":[{"href":"https:\/\/yemailarquitectura.co\/en\/wp-json\/wp\/v2\/posts\/13754","targetHints":{"allow":["GET"]}}],"collection":[{"href":"https:\/\/yemailarquitectura.co\/en\/wp-json\/wp\/v2\/posts"}],"about":[{"href":"https:\/\/yemailarquitectura.co\/en\/wp-json\/wp\/v2\/types\/post"}],"author":[{"embeddable":true,"href":"https:\/\/yemailarquitectura.co\/en\/wp-json\/wp\/v2\/users\/1"}],"replies":[{"embeddable":true,"href":"https:\/\/yemailarquitectura.co\/en\/wp-json\/wp\/v2\/comments?post=13754"}],"version-history":[{"count":1,"href":"https:\/\/yemailarquitectura.co\/en\/wp-json\/wp\/v2\/posts\/13754\/revisions"}],"predecessor-version":[{"id":13757,"href":"https:\/\/yemailarquitectura.co\/en\/wp-json\/wp\/v2\/posts\/13754\/revisions\/13757"}],"wp:featuredmedia":[{"embeddable":true,"href":"https:\/\/yemailarquitectura.co\/en\/wp-json\/wp\/v2\/media\/13756"}],"wp:attachment":[{"href":"https:\/\/yemailarquitectura.co\/en\/wp-json\/wp\/v2\/media?parent=13754"}],"wp:term":[{"taxonomy":"category","embeddable":true,"href":"https:\/\/yemailarquitectura.co\/en\/wp-json\/wp\/v2\/categories?post=13754"},{"taxonomy":"post_tag","embeddable":true,"href":"https:\/\/yemailarquitectura.co\/en\/wp-json\/wp\/v2\/tags?post=13754"}],"curies":[{"name":"wp","href":"https:\/\/api.w.org\/{rel}","templated":true}]}}