{"id":13759,"date":"2026-08-31T16:40:26","date_gmt":"2026-08-31T21:40:26","guid":{"rendered":"https:\/\/yemailarquitectura.co\/?p=13759"},"modified":"2026-08-31T16:42:11","modified_gmt":"2026-08-31T21:42:11","slug":"muestra-180-metro-bajo-tierra-barco-galeria","status":"publish","type":"post","link":"https:\/\/yemailarquitectura.co\/en\/muestra-180-metro-bajo-tierra-barco-galeria\/","title":{"rendered":"Muestra 180 metro bajo tierra \/ Barco Galer\u00eda"},"content":{"rendered":"<p class=\"wp-block-paragraph\">Les invitamos a la inauguraci\u00f3n de la muestra 180 metros bajo tierra, del arquitecto colombiano Antonio Yemail, quien nos visita en el marco del programa Residencia Barco 2026, desarrollado en alianza con La Escuela.<\/p>\n\n\n\n<p class=\"wp-block-paragraph\">La exposici\u00f3n propone un recorrido por las antiguas c\u00e1maras de explotaci\u00f3n de sal de la Catedral de Zipaquir\u00e1, espacio reconvertido por Estudio Yemail en 2024 en un museo subterr\u00e1neo.<\/p>\n\n\n\n<p class=\"wp-block-paragraph\">Los esperamos en nuestro espacio, ubicado en Av. Santa Luc\u00eda 382, el jueves 20 de agosto a las 19:00 horas, para compartir un vino de honor y participar en una conversaci\u00f3n con el autor y el arquitecto invitado Francisco D\u00edaz.<\/p>\n\n\n\n<p class=\"wp-block-paragraph\">\u00a1Los esperamos!<\/p>","protected":false},"excerpt":{"rendered":"<p>Les invitamos a la inauguraci\u00f3n de la muestra 180 metros bajo tierra, del arquitecto colombiano Antonio Yemail, quien nos visita en el marco del programa Residencia Barco 2026, desarrollado en alianza con La Escuela. La exposici\u00f3n propone un recorrido por las antiguas c\u00e1maras de explotaci\u00f3n de sal de la Catedral de Zipaquir\u00e1, espacio reconvertido por [&hellip;]<\/p>\n","protected":false},"author":1,"featured_media":13760,"comment_status":"closed","ping_status":"open","sticky":false,"template":"","format":"standard","meta":{"_acf_changed":false,"footnotes":""},"categories":[197],"tags":[],"class_list":["post-13759","post","type-post","status-publish","format-standard","has-post-thumbnail","hentry","category-actualidad","clearfix","overlay-wrapper"],"acf":[],"yoast_head":"<!-- This site is optimized with the Yoast SEO plugin v27.7 - https:\/\/yoast.com\/product\/yoast-seo-wordpress\/ -->\n<title>Muestra 180 metro bajo tierra \/ Barco Galer\u00eda - Yemail Arquitectura<\/title>\n<meta name=\"robots\" content=\"index, follow, max-snippet:-1, max-image-preview:large, max-video-preview:-1\" \/>\n<link rel=\"canonical\" href=\"https:\/\/yemailarquitectura.co\/en\/muestra-180-metro-bajo-tierra-barco-galeria\/\" \/>\n<meta property=\"og:locale\" content=\"en_US\" \/>\n<meta property=\"og:type\" content=\"article\" \/>\n<meta property=\"og:title\" content=\"Muestra 180 metro bajo tierra \/ Barco Galer\u00eda - Yemail Arquitectura\" \/>\n<meta property=\"og:description\" content=\"Les invitamos a la inauguraci\u00f3n de la muestra 180 metros bajo tierra, del arquitecto colombiano Antonio Yemail, quien nos visita en el marco del programa Residencia Barco 2026, desarrollado en alianza con La Escuela. La exposici\u00f3n propone un recorrido por las antiguas c\u00e1maras de explotaci\u00f3n de sal de la Catedral de Zipaquir\u00e1, espacio reconvertido por [&hellip;]\" \/>\n<meta property=\"og:url\" content=\"https:\/\/yemailarquitectura.co\/en\/muestra-180-metro-bajo-tierra-barco-galeria\/\" \/>\n<meta property=\"og:site_name\" content=\"Yemail Arquitectura\" \/>\n<meta property=\"article:publisher\" content=\"https:\/\/www.facebook.com\/yemailarquitectura\/\" \/>\n<meta property=\"article:published_time\" content=\"2026-08-31T21:40:26+00:00\" \/>\n<meta property=\"article:modified_time\" content=\"2026-08-31T21:42:11+00:00\" \/>\n<meta property=\"og:image\" content=\"https:\/\/yemailarquitectura.co\/wp-content\/uploads\/2026\/08\/COVER-WEB-BARCOGALERIA.jpg\" \/>\n\t<meta property=\"og:image:width\" content=\"1500\" \/>\n\t<meta property=\"og:image:height\" content=\"1500\" \/>\n\t<meta property=\"og:image:type\" content=\"image\/jpeg\" \/>\n<meta name=\"author\" content=\"Yemail Arquitectura\" \/>\n<meta name=\"twitter:card\" content=\"summary_large_image\" \/>\n<meta name=\"twitter:label1\" content=\"Written by\" \/>\n\t<meta name=\"twitter:data1\" content=\"Yemail Arquitectura\" \/>\n\t<meta name=\"twitter:label2\" content=\"Est. reading time\" \/>\n\t<meta name=\"twitter:data2\" content=\"1 minute\" \/>\n<script type=\"application\/ld+json\" class=\"yoast-schema-graph\">{\"@context\":\"https:\\\/\\\/schema.org\",\"@graph\":[{\"@type\":\"Article\",\"@id\":\"https:\\\/\\\/yemailarquitectura.co\\\/muestra-180-metro-bajo-tierra-barco-galeria\\\/#article\",\"isPartOf\":{\"@id\":\"https:\\\/\\\/yemailarquitectura.co\\\/muestra-180-metro-bajo-tierra-barco-galeria\\\/\"},\"author\":{\"name\":\"Yemail Arquitectura\",\"@id\":\"https:\\\/\\\/yemailarquitectura.co\\\/#\\\/schema\\\/person\\\/baea119415f9c988fb2217e4fd17ec75\"},\"headline\":\"Muestra 180 metro bajo tierra \\\/ Barco Galer\u00eda\",\"datePublished\":\"2026-08-31T21:40:26+00:00\",\"dateModified\":\"2026-08-31T21:42:11+00:00\",\"mainEntityOfPage\":{\"@id\":\"https:\\\/\\\/yemailarquitectura.co\\\/muestra-180-metro-bajo-tierra-barco-galeria\\\/\"},\"wordCount\":114,\"publisher\":{\"@id\":\"https:\\\/\\\/yemailarquitectura.co\\\/#organization\"},\"image\":{\"@id\":\"https:\\\/\\\/yemailarquitectura.co\\\/muestra-180-metro-bajo-tierra-barco-galeria\\\/#primaryimage\"},\"thumbnailUrl\":\"https:\\\/\\\/yemailarquitectura.co\\\/wp-content\\\/uploads\\\/2026\\\/08\\\/COVER-WEB-BARCOGALERIA.jpg\",\"articleSection\":[\"Actualidad\"],\"inLanguage\":\"en-US\"},{\"@type\":[\"WebPage\",\"ItemPage\"],\"@id\":\"https:\\\/\\\/yemailarquitectura.co\\\/muestra-180-metro-bajo-tierra-barco-galeria\\\/\",\"url\":\"https:\\\/\\\/yemailarquitectura.co\\\/muestra-180-metro-bajo-tierra-barco-galeria\\\/\",\"name\":\"Muestra 180 metro bajo tierra \\\/ Barco Galer\u00eda - Yemail Arquitectura\",\"isPartOf\":{\"@id\":\"https:\\\/\\\/yemailarquitectura.co\\\/#website\"},\"primaryImageOfPage\":{\"@id\":\"https:\\\/\\\/yemailarquitectura.co\\\/muestra-180-metro-bajo-tierra-barco-galeria\\\/#primaryimage\"},\"image\":{\"@id\":\"https:\\\/\\\/yemailarquitectura.co\\\/muestra-180-metro-bajo-tierra-barco-galeria\\\/#primaryimage\"},\"thumbnailUrl\":\"https:\\\/\\\/yemailarquitectura.co\\\/wp-content\\\/uploads\\\/2026\\\/08\\\/COVER-WEB-BARCOGALERIA.jpg\",\"datePublished\":\"2026-08-31T21:40:26+00:00\",\"dateModified\":\"2026-08-31T21:42:11+00:00\",\"breadcrumb\":{\"@id\":\"https:\\\/\\\/yemailarquitectura.co\\\/muestra-180-metro-bajo-tierra-barco-galeria\\\/#breadcrumb\"},\"inLanguage\":\"en-US\",\"potentialAction\":[{\"@type\":\"ReadAction\",\"target\":[\"https:\\\/\\\/yemailarquitectura.co\\\/muestra-180-metro-bajo-tierra-barco-galeria\\\/\"]}]},{\"@type\":\"ImageObject\",\"inLanguage\":\"en-US\",\"@id\":\"https:\\\/\\\/yemailarquitectura.co\\\/muestra-180-metro-bajo-tierra-barco-galeria\\\/#primaryimage\",\"url\":\"https:\\\/\\\/yemailarquitectura.co\\\/wp-content\\\/uploads\\\/2026\\\/08\\\/COVER-WEB-BARCOGALERIA.jpg\",\"contentUrl\":\"https:\\\/\\\/yemailarquitectura.co\\\/wp-content\\\/uploads\\\/2026\\\/08\\\/COVER-WEB-BARCOGALERIA.jpg\",\"width\":1500,\"height\":1500},{\"@type\":\"BreadcrumbList\",\"@id\":\"https:\\\/\\\/yemailarquitectura.co\\\/muestra-180-metro-bajo-tierra-barco-galeria\\\/#breadcrumb\",\"itemListElement\":[{\"@type\":\"ListItem\",\"position\":1,\"name\":\"Portada\",\"item\":\"https:\\\/\\\/yemailarquitectura.co\\\/\"},{\"@type\":\"ListItem\",\"position\":2,\"name\":\"Muestra 180 metro bajo tierra \\\/ Barco Galer\u00eda\"}]},{\"@type\":\"WebSite\",\"@id\":\"https:\\\/\\\/yemailarquitectura.co\\\/#website\",\"url\":\"https:\\\/\\\/yemailarquitectura.co\\\/\",\"name\":\"Yemail Arquitectura\",\"description\":\"Oficina de arquitectura y dise\u00f1o\",\"publisher\":{\"@id\":\"https:\\\/\\\/yemailarquitectura.co\\\/#organization\"},\"alternateName\":\"Yemail\",\"potentialAction\":[{\"@type\":\"SearchAction\",\"target\":{\"@type\":\"EntryPoint\",\"urlTemplate\":\"https:\\\/\\\/yemailarquitectura.co\\\/?s={search_term_string}\"},\"query-input\":{\"@type\":\"PropertyValueSpecification\",\"valueRequired\":true,\"valueName\":\"search_term_string\"}}],\"inLanguage\":\"en-US\"},{\"@type\":\"Organization\",\"@id\":\"https:\\\/\\\/yemailarquitectura.co\\\/#organization\",\"name\":\"Yemail Arquitectura\",\"alternateName\":\"Yemail\",\"url\":\"https:\\\/\\\/yemailarquitectura.co\\\/\",\"logo\":{\"@type\":\"ImageObject\",\"inLanguage\":\"en-US\",\"@id\":\"https:\\\/\\\/yemailarquitectura.co\\\/#\\\/schema\\\/logo\\\/image\\\/\",\"url\":\"https:\\\/\\\/yemailarquitectura.co\\\/wp-content\\\/uploads\\\/2022\\\/02\\\/LOGO_2018-02.png\",\"contentUrl\":\"https:\\\/\\\/yemailarquitectura.co\\\/wp-content\\\/uploads\\\/2022\\\/02\\\/LOGO_2018-02.png\",\"width\":816,\"height\":349,\"caption\":\"Yemail Arquitectura\"},\"image\":{\"@id\":\"https:\\\/\\\/yemailarquitectura.co\\\/#\\\/schema\\\/logo\\\/image\\\/\"},\"sameAs\":[\"https:\\\/\\\/www.facebook.com\\\/yemailarquitectura\\\/\",\"https:\\\/\\\/www.instagram.com\\\/yemailarquitectura\\\/\"]},{\"@type\":\"Person\",\"@id\":\"https:\\\/\\\/yemailarquitectura.co\\\/#\\\/schema\\\/person\\\/baea119415f9c988fb2217e4fd17ec75\",\"name\":\"Yemail Arquitectura\"}]}<\/script>\n<!-- \/ Yoast SEO plugin. -->","yoast_head_json":{"title":"Muestra 180 metro bajo tierra \/ Barco Galer\u00eda - Yemail Arquitectura","robots":{"index":"index","follow":"follow","max-snippet":"max-snippet:-1","max-image-preview":"max-image-preview:large","max-video-preview":"max-video-preview:-1"},"canonical":"https:\/\/yemailarquitectura.co\/en\/muestra-180-metro-bajo-tierra-barco-galeria\/","og_locale":"en_US","og_type":"article","og_title":"Muestra 180 metro bajo tierra \/ Barco Galer\u00eda - Yemail Arquitectura","og_description":"Les invitamos a la inauguraci\u00f3n de la muestra 180 metros bajo tierra, del arquitecto colombiano Antonio Yemail, quien nos visita en el marco del programa Residencia Barco 2026, desarrollado en alianza con La Escuela. La exposici\u00f3n propone un recorrido por las antiguas c\u00e1maras de explotaci\u00f3n de sal de la Catedral de Zipaquir\u00e1, espacio reconvertido por [&hellip;]","og_url":"https:\/\/yemailarquitectura.co\/en\/muestra-180-metro-bajo-tierra-barco-galeria\/","og_site_name":"Yemail Arquitectura","article_publisher":"https:\/\/www.facebook.com\/yemailarquitectura\/","article_published_time":"2026-08-31T21:40:26+00:00","article_modified_time":"2026-08-31T21:42:11+00:00","og_image":[{"width":1500,"height":1500,"url":"https:\/\/yemailarquitectura.co\/wp-content\/uploads\/2026\/08\/COVER-WEB-BARCOGALERIA.jpg","type":"image\/jpeg"}],"author":"Yemail Arquitectura","twitter_card":"summary_large_image","twitter_misc":{"Written by":"Yemail Arquitectura","Est. reading time":"1 minute"},"schema":{"@context":"https:\/\/schema.org","@graph":[{"@type":"Article","@id":"https:\/\/yemailarquitectura.co\/muestra-180-metro-bajo-tierra-barco-galeria\/#article","isPartOf":{"@id":"https:\/\/yemailarquitectura.co\/muestra-180-metro-bajo-tierra-barco-galeria\/"},"author":{"name":"Yemail Arquitectura","@id":"https:\/\/yemailarquitectura.co\/#\/schema\/person\/baea119415f9c988fb2217e4fd17ec75"},"headline":"Muestra 180 metro bajo tierra \/ Barco Galer\u00eda","datePublished":"2026-08-31T21:40:26+00:00","dateModified":"2026-08-31T21:42:11+00:00","mainEntityOfPage":{"@id":"https:\/\/yemailarquitectura.co\/muestra-180-metro-bajo-tierra-barco-galeria\/"},"wordCount":114,"publisher":{"@id":"https:\/\/yemailarquitectura.co\/#organization"},"image":{"@id":"https:\/\/yemailarquitectura.co\/muestra-180-metro-bajo-tierra-barco-galeria\/#primaryimage"},"thumbnailUrl":"https:\/\/yemailarquitectura.co\/wp-content\/uploads\/2026\/08\/COVER-WEB-BARCOGALERIA.jpg","articleSection":["Actualidad"],"inLanguage":"en-US"},{"@type":["WebPage","ItemPage"],"@id":"https:\/\/yemailarquitectura.co\/muestra-180-metro-bajo-tierra-barco-galeria\/","url":"https:\/\/yemailarquitectura.co\/muestra-180-metro-bajo-tierra-barco-galeria\/","name":"Muestra 180 metro bajo tierra \/ Barco Galer\u00eda - Yemail Arquitectura","isPartOf":{"@id":"https:\/\/yemailarquitectura.co\/#website"},"primaryImageOfPage":{"@id":"https:\/\/yemailarquitectura.co\/muestra-180-metro-bajo-tierra-barco-galeria\/#primaryimage"},"image":{"@id":"https:\/\/yemailarquitectura.co\/muestra-180-metro-bajo-tierra-barco-galeria\/#primaryimage"},"thumbnailUrl":"https:\/\/yemailarquitectura.co\/wp-content\/uploads\/2026\/08\/COVER-WEB-BARCOGALERIA.jpg","datePublished":"2026-08-31T21:40:26+00:00","dateModified":"2026-08-31T21:42:11+00:00","breadcrumb":{"@id":"https:\/\/yemailarquitectura.co\/muestra-180-metro-bajo-tierra-barco-galeria\/#breadcrumb"},"inLanguage":"en-US","potentialAction":[{"@type":"ReadAction","target":["https:\/\/yemailarquitectura.co\/muestra-180-metro-bajo-tierra-barco-galeria\/"]}]},{"@type":"ImageObject","inLanguage":"en-US","@id":"https:\/\/yemailarquitectura.co\/muestra-180-metro-bajo-tierra-barco-galeria\/#primaryimage","url":"https:\/\/yemailarquitectura.co\/wp-content\/uploads\/2026\/08\/COVER-WEB-BARCOGALERIA.jpg","contentUrl":"https:\/\/yemailarquitectura.co\/wp-content\/uploads\/2026\/08\/COVER-WEB-BARCOGALERIA.jpg","width":1500,"height":1500},{"@type":"BreadcrumbList","@id":"https:\/\/yemailarquitectura.co\/muestra-180-metro-bajo-tierra-barco-galeria\/#breadcrumb","itemListElement":[{"@type":"ListItem","position":1,"name":"Portada","item":"https:\/\/yemailarquitectura.co\/"},{"@type":"ListItem","position":2,"name":"Muestra 180 metro bajo tierra \/ Barco Galer\u00eda"}]},{"@type":"WebSite","@id":"https:\/\/yemailarquitectura.co\/#website","url":"https:\/\/yemailarquitectura.co\/","name":"Yemail Architecture","description":"Oficina de arquitectura y dise\u00f1o","publisher":{"@id":"https:\/\/yemailarquitectura.co\/#organization"},"alternateName":"Yemail","potentialAction":[{"@type":"SearchAction","target":{"@type":"EntryPoint","urlTemplate":"https:\/\/yemailarquitectura.co\/?s={search_term_string}"},"query-input":{"@type":"PropertyValueSpecification","valueRequired":true,"valueName":"search_term_string"}}],"inLanguage":"en-US"},{"@type":"Organization","@id":"https:\/\/yemailarquitectura.co\/#organization","name":"Yemail Architecture","alternateName":"Yemail","url":"https:\/\/yemailarquitectura.co\/","logo":{"@type":"ImageObject","inLanguage":"en-US","@id":"https:\/\/yemailarquitectura.co\/#\/schema\/logo\/image\/","url":"https:\/\/yemailarquitectura.co\/wp-content\/uploads\/2022\/02\/LOGO_2018-02.png","contentUrl":"https:\/\/yemailarquitectura.co\/wp-content\/uploads\/2022\/02\/LOGO_2018-02.png","width":816,"height":349,"caption":"Yemail Arquitectura"},"image":{"@id":"https:\/\/yemailarquitectura.co\/#\/schema\/logo\/image\/"},"sameAs":["https:\/\/www.facebook.com\/yemailarquitectura\/","https:\/\/www.instagram.com\/yemailarquitectura\/"]},{"@type":"Person","@id":"https:\/\/yemailarquitectura.co\/#\/schema\/person\/baea119415f9c988fb2217e4fd17ec75","name":"Yemail Architecture"}]}},"_links":{"self":[{"href":"https:\/\/yemailarquitectura.co\/en\/wp-json\/wp\/v2\/posts\/13759","targetHints":{"allow":["GET"]}}],"collection":[{"href":"https:\/\/yemailarquitectura.co\/en\/wp-json\/wp\/v2\/posts"}],"about":[{"href":"https:\/\/yemailarquitectura.co\/en\/wp-json\/wp\/v2\/types\/post"}],"author":[{"embeddable":true,"href":"https:\/\/yemailarquitectura.co\/en\/wp-json\/wp\/v2\/users\/1"}],"replies":[{"embeddable":true,"href":"https:\/\/yemailarquitectura.co\/en\/wp-json\/wp\/v2\/comments?post=13759"}],"version-history":[{"count":1,"href":"https:\/\/yemailarquitectura.co\/en\/wp-json\/wp\/v2\/posts\/13759\/revisions"}],"predecessor-version":[{"id":13761,"href":"https:\/\/yemailarquitectura.co\/en\/wp-json\/wp\/v2\/posts\/13759\/revisions\/13761"}],"wp:featuredmedia":[{"embeddable":true,"href":"https:\/\/yemailarquitectura.co\/en\/wp-json\/wp\/v2\/media\/13760"}],"wp:attachment":[{"href":"https:\/\/yemailarquitectura.co\/en\/wp-json\/wp\/v2\/media?parent=13759"}],"wp:term":[{"taxonomy":"category","embeddable":true,"href":"https:\/\/yemailarquitectura.co\/en\/wp-json\/wp\/v2\/categories?post=13759"},{"taxonomy":"post_tag","embeddable":true,"href":"https:\/\/yemailarquitectura.co\/en\/wp-json\/wp\/v2\/tags?post=13759"}],"curies":[{"name":"wp","href":"https:\/\/api.w.org\/{rel}","templated":true}]}}